{"id":160,"date":"2016-09-05T20:01:17","date_gmt":"2016-09-05T23:01:17","guid":{"rendered":"https:\/\/congresso.uepb.edu.br\/jonap\/?p=160"},"modified":"2016-09-05T20:21:48","modified_gmt":"2016-09-05T23:21:48","slug":"submissao-de-resumos-prorrogada-ate-12-de-setembro","status":"publish","type":"post","link":"https:\/\/congresso.uepb.edu.br\/jonap\/2016\/09\/05\/submissao-de-resumos-prorrogada-ate-12-de-setembro\/","title":{"rendered":"SUBMISS\u00c3O PRORROGADA AT\u00c9 DIA 12"},"content":{"rendered":"<p style=\"text-align: justify\"><span style=\"color: #000000\">O prazo para submiss\u00e3o de resumos foi prorrogado at\u00e9 o dia 12 de setembro, e a lista com os trabalhos aceitos ser\u00e1 divulgada no dia 16. Para participar da I Jornada Nacional de Administra\u00e7\u00e3o P\u00fablica (JONAP)\u00a0\u00e9 preciso\u00a0est\u00e1 inscrito no evento. A JONAP ser\u00e1 realizada\u00a0nos dias 23 e 24 de setembro, em Jo\u00e3o Pessoa, no Campus V da Universidade Estadual da Para\u00edba.<\/span><\/p>\n<p>&nbsp;<\/p>\n","protected":false},"excerpt":{"rendered":"<p>O prazo para submiss\u00e3o de resumos foi prorrogado at\u00e9 o dia 12 de setembro, e a lista com os trabalhos aceitos ser\u00e1 divulgada no dia 16. Para participar da I Jornada Nacional de Administra\u00e7\u00e3o P\u00fablica (JONAP)\u00a0\u00e9 preciso\u00a0est\u00e1 inscrito no evento. A JONAP ser\u00e1 realizada\u00a0nos dias 23 e 24 de setembro, em Jo\u00e3o Pessoa, no Campus [&hellip;]<\/p>\n","protected":false},"author":7,"featured_media":118,"comment_status":"open","ping_status":"open","sticky":false,"template":"","format":"standard","meta":{"footnotes":""},"categories":[3],"tags":[],"class_list":["post-160","post","type-post","status-publish","format-standard","has-post-thumbnail","hentry","category-noticias"],"_links":{"self":[{"href":"https:\/\/congresso.uepb.edu.br\/jonap\/wp-json\/wp\/v2\/posts\/160","targetHints":{"allow":["GET"]}}],"collection":[{"href":"https:\/\/congresso.uepb.edu.br\/jonap\/wp-json\/wp\/v2\/posts"}],"about":[{"href":"https:\/\/congresso.uepb.edu.br\/jonap\/wp-json\/wp\/v2\/types\/post"}],"author":[{"embeddable":true,"href":"https:\/\/congresso.uepb.edu.br\/jonap\/wp-json\/wp\/v2\/users\/7"}],"replies":[{"embeddable":true,"href":"https:\/\/congresso.uepb.edu.br\/jonap\/wp-json\/wp\/v2\/comments?post=160"}],"version-history":[{"count":7,"href":"https:\/\/congresso.uepb.edu.br\/jonap\/wp-json\/wp\/v2\/posts\/160\/revisions"}],"predecessor-version":[{"id":168,"href":"https:\/\/congresso.uepb.edu.br\/jonap\/wp-json\/wp\/v2\/posts\/160\/revisions\/168"}],"wp:featuredmedia":[{"embeddable":true,"href":"https:\/\/congresso.uepb.edu.br\/jonap\/wp-json\/wp\/v2\/media\/118"}],"wp:attachment":[{"href":"https:\/\/congresso.uepb.edu.br\/jonap\/wp-json\/wp\/v2\/media?parent=160"}],"wp:term":[{"taxonomy":"category","embeddable":true,"href":"https:\/\/congresso.uepb.edu.br\/jonap\/wp-json\/wp\/v2\/categories?post=160"},{"taxonomy":"post_tag","embeddable":true,"href":"https:\/\/congresso.uepb.edu.br\/jonap\/wp-json\/wp\/v2\/tags?post=160"}],"curies":[{"name":"wp","href":"https:\/\/api.w.org\/{rel}","templated":true}]}}