{"id":61,"date":"2016-06-15T09:40:57","date_gmt":"2016-06-15T12:40:57","guid":{"rendered":"https:\/\/congresso.uepb.edu.br\/jonap\/?p=61"},"modified":"2016-11-04T20:04:39","modified_gmt":"2016-11-04T23:04:39","slug":"conheca-as-normas-para-formacao-dos-resumos","status":"publish","type":"post","link":"https:\/\/congresso.uepb.edu.br\/jonap\/2016\/06\/15\/conheca-as-normas-para-formacao-dos-resumos\/","title":{"rendered":"CONHE\u00c7A AS NORMAS PARA FORMATA\u00c7\u00c3O DOS RESUMOS"},"content":{"rendered":"<p style=\"text-align: justify\">Os resumos para apresenta\u00e7\u00f5es orais em p\u00f4steres dever\u00e3o estar de acordo com as seguintes normas:<\/p>\n<ul>\n<li>NBR 6022: 2003 \u2013 Artigo em documenta\u00e7\u00e3o peri\u00f3dica cient\u00edfica impressa;<\/li>\n<li>NBR 6028:\u00a02003 \u2013 Informa\u00e7\u00e3o e documenta\u00e7\u00e3o \u2013 Resumo \u2013 Apresenta\u00e7\u00e3o.<\/li>\n<li>NBR 6023: 2002 \u2013 Informa\u00e7\u00e3o e documenta\u00e7\u00e3o \u2013 Refer\u00eancias \u2013 Elabora\u00e7\u00e3o.<\/li>\n<\/ul>\n<p>Orienta\u00e7\u00e3o quanto ao encaminhamento do resumo expandido:<\/p>\n<p>O envio do texto \u00e9 mediante email: <span style=\"color: #0000ff\">jornadadeadmpub@gmail.com<\/span>. No campo assunto do e-mail, subscreva \u2013 INSCRI\u00c7\u00c3O COM TRABALHO;<\/p>\n<p>Toda a p\u00e1gina do arquivo enviado deve ser em letra Times New Roman, tamanho 12 e espa\u00e7o\u00a0simples;<\/p>\n<p>Aten\u00e7\u00e3o: uso de verbos no passado, na voz ativa e na terceira pessoa do singular;<\/p>\n<p>No texto, constar no cabe\u00e7alho a logomarca do evento;<\/p>\n<p>Na sequencia, informar:<\/p>\n<ul>\n<li>o GT;<\/li>\n<li style=\"text-align: justify\">a modalidade de apresenta\u00e7\u00e3o \u2013 p\u00f4ster\/resumo. Ambos centralizados, negrito e\u00a0caixa baixa;<\/li>\n<li style=\"text-align: justify\">o t\u00edtulo do trabalho deve ser posto em centralizado, negrito e caixa alta. Se houver\u00a0subt\u00edtulo, deve ser centralizado, negrito e caixa baixa;<\/li>\n<li style=\"text-align: justify\">nome dos autores em negrito e em caixa baixa. No m\u00e1ximo, indicar at\u00e9 5 (cinco) autores.\u00a0Ap\u00f3s o nome de cada autor, ao lado, indicar o e-mail e a vincula\u00e7\u00e3o institucional (se\u00a0discente, docente, egresso, consultor, administrador e profissional atuantes na\u00a0Administra\u00e7\u00e3o P\u00fablica, seguida da institui\u00e7\u00e3o vinculada). Este item deve ter alinhamento\u00a0do tipo justificado;<\/li>\n<li style=\"text-align: justify\">em caixa alta e negrito, usar o termo \u201c<strong>RESUMO<\/strong>\u201c, seguido de \u201cdois pontos\u201d. Iniciar o texto\u00a0sem negrito com o limite entre 450 a 500 palavras. O texto deve ter alinhamento do tipo\u00a0justificado;<\/li>\n<li style=\"text-align: justify\">em caixa alta e negrito, usar o termo \u201c<strong>PALAVRAS-CHAVE<\/strong>\u201c, seguido de \u201cdois pontos\u201d e\u00a0alinhamento igualmente justificado. Indicar o m\u00e1ximo de 4 (quatro) palavras, separadas\u00a0entre si por um ponto e iniciadas com letra mai\u00fascula.<\/li>\n<li style=\"text-align: justify\">Quanto \u00e0 estrutura textual, o resumo deve constar: introdu\u00e7\u00e3o, objetivo,\u00a0fundamenta\u00e7\u00e3o te\u00f3rico, metodologia, instrumentos de coleta e os procedimentos de an\u00e1lise\u00a0dos dados, resultados\/discuss\u00f5es e considera\u00e7\u00f5es finais;<\/li>\n<\/ul>\n<p>\uf0b7 Quanto \u00e0 formata\u00e7\u00e3o:<\/p>\n<ul>\n<li>papel tamanho A4;<\/li>\n<li>margens superior e esquerda: 3 cm; margens inferior e direita: 2 cm;<\/li>\n<li>tipo de arquivo: Rich Text Format (.RTF);<\/li>\n<li>n\u00e3o utilizar notas de rodap\u00e9, abreviaturas e imagens digitais\u00a0(figuras,\u00a0quadros,\u00a0tabelas,\u00a0gr\u00e1ficos etc);<\/li>\n<li>se usar sigla, primeiro, indicar o termo por extenso e, depois, entre par\u00eantesis, a sigla.<\/li>\n<li>Ao final das \u201c<strong>PALAVRAS-CHAVE<\/strong>\u201c, incluir o termo \u201c<strong>REFER\u00caNCIAS<\/strong>\u201c, em negrito, caixa\u00a0alta e centralizado. Esta estrutura deve seguir a orienta\u00e7\u00e3o da NBR 6023: 2002 da ABNT.<\/li>\n<\/ul>\n<p style=\"text-align: justify\">OBS: H\u00e1 um &#8220;Arquivo Modelo&#8221; na p\u00e1gina inicial no link downloads com as\u00a0diretrizes para a elabora\u00e7\u00e3o do seu resumo, nele constam as regras para formata\u00e7\u00e3o, al\u00e9m do mesmo j\u00e1 est\u00e1 formatado com tais diretrizes estipuladas, o que facilita caso queira montar seu trabalho sobre o arquivo ofertado. Sugerimos que todos os congressistas utilizem este modelo, pois isto ser\u00e1 essencial para padroniza\u00e7\u00e3o, elabora\u00e7\u00e3o e grava\u00e7\u00e3o dos arquivos nos Anais Eletr\u00f4nicos.<\/p>\n<p style=\"text-align: center\">[wpfilebase tag=fileurl id=95 linktext=&#8217;Baixe o modelo do artigo com as normas de formata\u00e7\u00e3o aqui.&#8217; \/]<\/p>\n<h3 style=\"text-align: justify\"><strong>NORMAS GERAIS:<\/strong><\/h3>\n<ul style=\"text-align: justify\">\n<li>Cada congressista s\u00f3 poder\u00e1 submeter no m\u00e1ximo 2 (dois) resumos, a\u00a0co-autoria \u00e9 livre.<\/li>\n<li>Cada trabalho s\u00f3 poder\u00e1 conter no m\u00e1ximo 5 (cinco) autores.<\/li>\n<li>Os trabalhos dever\u00e3o ter a discrimina\u00e7\u00e3o de uma das \u00e1reas\/tem\u00e1ticas de trabalho do evento, pelo pr\u00f3prio congressista.<\/li>\n<li>No momento de submiss\u00e3o dos resumos os autores dever\u00e3o escolher uma dentre as \u00e1reas\/tem\u00e1ticas.<\/li>\n<li>As especifica\u00e7\u00f5es definidas nessas normas dever\u00e3o ser observadas na elabora\u00e7\u00e3o das propostas, sob pena de exclus\u00e3o do processo de avalia\u00e7\u00e3o, caso n\u00e3o sejam cumpridas.<\/li>\n<li>A confirma\u00e7\u00e3o da submiss\u00e3o do seu resumo ser\u00e1 feita por e-mail em at\u00e9 48 horas. Por favor, verifique a sua caixa de spam, caso n\u00e3o receba a confirma\u00e7\u00e3o em 48 horas, ou entre em contato com a comiss\u00e3o organizadora atrav\u00e9s do e-mail: jornadadeadmpub@gmail.com<\/li>\n<li>Os certificados de participa\u00e7\u00e3o e\/ou apresenta\u00e7\u00e3o de artigos ser\u00e3o enviados por e-mail at\u00e9 25 de outubro de 2016<\/li>\n<\/ul>\n","protected":false},"excerpt":{"rendered":"<p>Os resumos para apresenta\u00e7\u00f5es orais em p\u00f4steres dever\u00e3o estar de acordo com as seguintes normas: NBR 6022: 2003 \u2013 Artigo em documenta\u00e7\u00e3o peri\u00f3dica cient\u00edfica impressa; NBR 6028:\u00a02003 \u2013 Informa\u00e7\u00e3o e documenta\u00e7\u00e3o \u2013 Resumo \u2013 Apresenta\u00e7\u00e3o. NBR 6023: 2002 \u2013 Informa\u00e7\u00e3o e documenta\u00e7\u00e3o \u2013 Refer\u00eancias \u2013 Elabora\u00e7\u00e3o. Orienta\u00e7\u00e3o quanto ao encaminhamento do resumo expandido: O envio [&hellip;]<\/p>\n","protected":false},"author":7,"featured_media":118,"comment_status":"open","ping_status":"open","sticky":false,"template":"","format":"standard","meta":{"footnotes":""},"categories":[4,3],"tags":[],"class_list":["post-61","post","type-post","status-publish","format-standard","has-post-thumbnail","hentry","category-destaques","category-noticias"],"_links":{"self":[{"href":"https:\/\/congresso.uepb.edu.br\/jonap\/wp-json\/wp\/v2\/posts\/61","targetHints":{"allow":["GET"]}}],"collection":[{"href":"https:\/\/congresso.uepb.edu.br\/jonap\/wp-json\/wp\/v2\/posts"}],"about":[{"href":"https:\/\/congresso.uepb.edu.br\/jonap\/wp-json\/wp\/v2\/types\/post"}],"author":[{"embeddable":true,"href":"https:\/\/congresso.uepb.edu.br\/jonap\/wp-json\/wp\/v2\/users\/7"}],"replies":[{"embeddable":true,"href":"https:\/\/congresso.uepb.edu.br\/jonap\/wp-json\/wp\/v2\/comments?post=61"}],"version-history":[{"count":7,"href":"https:\/\/congresso.uepb.edu.br\/jonap\/wp-json\/wp\/v2\/posts\/61\/revisions"}],"predecessor-version":[{"id":159,"href":"https:\/\/congresso.uepb.edu.br\/jonap\/wp-json\/wp\/v2\/posts\/61\/revisions\/159"}],"wp:featuredmedia":[{"embeddable":true,"href":"https:\/\/congresso.uepb.edu.br\/jonap\/wp-json\/wp\/v2\/media\/118"}],"wp:attachment":[{"href":"https:\/\/congresso.uepb.edu.br\/jonap\/wp-json\/wp\/v2\/media?parent=61"}],"wp:term":[{"taxonomy":"category","embeddable":true,"href":"https:\/\/congresso.uepb.edu.br\/jonap\/wp-json\/wp\/v2\/categories?post=61"},{"taxonomy":"post_tag","embeddable":true,"href":"https:\/\/congresso.uepb.edu.br\/jonap\/wp-json\/wp\/v2\/tags?post=61"}],"curies":[{"name":"wp","href":"https:\/\/api.w.org\/{rel}","templated":true}]}}