{"id":69,"date":"2016-06-15T09:48:23","date_gmt":"2016-06-15T12:48:23","guid":{"rendered":"https:\/\/congresso.uepb.edu.br\/jonap\/?p=69"},"modified":"2016-11-04T20:05:55","modified_gmt":"2016-11-04T23:05:55","slug":"conheca-o-perfil-dos-palestrantes","status":"publish","type":"post","link":"https:\/\/congresso.uepb.edu.br\/jonap\/2016\/06\/15\/conheca-o-perfil-dos-palestrantes\/","title":{"rendered":"CONHE\u00c7A O PERFIL DOS PALESTRANTES"},"content":{"rendered":"<p style=\"text-align: justify\"><strong>Antonio Gomes Viera Filho<\/strong><\/p>\n<p>&nbsp;<\/p>\n<p style=\"text-align: justify\"><img loading=\"lazy\" decoding=\"async\" class=\"alignright size-full wp-image-71\" src=\"https:\/\/congresso.uepb.edu.br\/jonap\/wp-content\/uploads\/sites\/4\/2016\/06\/antonio.jpg\" alt=\"antonio\" width=\"160\" height=\"160\" srcset=\"https:\/\/congresso.uepb.edu.br\/jonap\/wp-content\/uploads\/sites\/4\/2016\/06\/antonio.jpg 160w, https:\/\/congresso.uepb.edu.br\/jonap\/wp-content\/uploads\/sites\/4\/2016\/06\/antonio-150x150.jpg 150w\" sizes=\"auto, (max-width: 160px) 100vw, 160px\" \/>Possui gradua\u00e7\u00e3o em Arquitetura e Urbanismo pela Universidade Federal da Para\u00edba, gradua\u00e7\u00e3o em Economia pela Universidade Federal da Para\u00edba, gradua\u00e7\u00e3o em Direito pela Universidade Federal da Para\u00edba, especializa\u00e7\u00e3o e mestrado em Administra\u00e7\u00e3o pela Universidade Federal da Para\u00edba. Atualmente \u00e9 Auditor (Conselheiro Substituto) do Tribunal de Contas do Estado da Para\u00edba, atuando tamb\u00e9m como Professor dos cursos de gradua\u00e7\u00e3o em Administra\u00e7\u00e3o e Ci\u00eancias Cont\u00e1beis, e de P\u00f3s-Gradua\u00e7\u00e3o do IESP &#8211; Instituto de Educa\u00e7\u00e3o Superior da Para\u00edba e professor (visitante) da \u00e1rea de P\u00f3s-gradua\u00e7\u00e3o da UEPB &#8211; Universidade Estadual da Para\u00edba.<\/p>\n<p style=\"text-align: justify\"><strong><br \/>\nGermano Antonio Ramalho<\/strong><strong><br \/>\n<\/strong><\/p>\n<p style=\"text-align: justify\"><img loading=\"lazy\" decoding=\"async\" class=\"alignright wp-image-73 size-thumbnail\" src=\"https:\/\/congresso.uepb.edu.br\/jonap\/wp-content\/uploads\/sites\/4\/2016\/06\/germano-150x150.jpg\" alt=\"germano\" width=\"150\" height=\"150\" \/>Doutor em Educa\u00e7\u00e3o pela Universidade Federal da Para\u00edba &#8211; \u00c1rea de Concentra\u00e7\u00e3o: Estudos Culturais da Educa\u00e7\u00e3o. Graduado em Direito. Mestre em Direito pela Universidade Federal do Cear\u00e1\u00a0 &#8211; \u00c1rea de Concentra\u00e7\u00e3o: Direito Constitucional. Exerce a doc\u00eancia na qualidade de professor Doutor &#8211; A da Universidade Estadual da Para\u00edba, nos Cursos de: Rela\u00e7\u00f5es Internacionais e Arquivologia e Direito &#8211; Campus V &#8211; Jo\u00e3o Pessoa &#8211; PB. \u00c9 Jornalista e Radialista com experi\u00eancia nas \u00e1reas de radiojornalismo pol\u00edtico e esportivo, al\u00e9m de atua\u00e7\u00e3o nas \u00e1reas de propaganda e publicidade. Atua na \u00e1rea de Educa\u00e7\u00e3o nas linhas de Ensino Jur\u00eddico, Cultura Jur\u00eddica e a Forma\u00e7\u00e3o de Professores para as Ci\u00eancias Jur\u00eddicas.<\/p>\n<p style=\"text-align: justify\"><strong><br \/>\nCesar Emanoel Barbosa de Lima<\/strong><\/p>\n<p style=\"text-align: justify\"><img loading=\"lazy\" decoding=\"async\" class=\"alignright size-thumbnail wp-image-72\" src=\"https:\/\/congresso.uepb.edu.br\/jonap\/wp-content\/uploads\/sites\/4\/2016\/06\/emanoel-150x150.jpg\" alt=\"emanoel\" width=\"150\" height=\"150\" \/>Possui gradua\u00e7\u00e3o em Administra\u00e7\u00e3o de Empresas pela Universidade Federal da Para\u00edba, gradua\u00e7\u00e3o em Administra\u00e7\u00e3o P\u00fablica pela Universidade Federal da Para\u00edba, gradua\u00e7\u00e3o em Ci\u00eancias Cont\u00e1beis pela Universidade Estadual da Para\u00edba, Especialista em Gest\u00e3o Empresarial pela Universidade Estadual da Para\u00edba, mestrado em Engenharia de Produ\u00e7\u00e3o pela Universidade Federal da Para\u00edba e doutorado em Engenharia de Produ\u00e7\u00e3o pela Universidade Federal da Para\u00edba. Membro Titular da Academia Paraibana de Ci\u00eancias da Administra\u00e7\u00e3o &#8211; Cadeira n\u00ba 11, Atualmente \u00e9 Professor Associado I da Universidade Federal da Para\u00edba, Ouvidor-geral da UFPB. Coordenador do Curso de Bacharelado em Administra\u00e7\u00e3o.<\/p>\n<p style=\"text-align: justify\"><strong><br \/>\nIzolda Carvalho<\/strong><\/p>\n<p style=\"text-align: justify\"><img loading=\"lazy\" decoding=\"async\" class=\"alignright size-thumbnail wp-image-74\" src=\"https:\/\/congresso.uepb.edu.br\/jonap\/wp-content\/uploads\/sites\/4\/2016\/06\/izolda-150x150.jpg\" alt=\"izolda\" width=\"150\" height=\"150\" srcset=\"https:\/\/congresso.uepb.edu.br\/jonap\/wp-content\/uploads\/sites\/4\/2016\/06\/izolda-150x150.jpg 150w, https:\/\/congresso.uepb.edu.br\/jonap\/wp-content\/uploads\/sites\/4\/2016\/06\/izolda-300x300.jpg 300w, https:\/\/congresso.uepb.edu.br\/jonap\/wp-content\/uploads\/sites\/4\/2016\/06\/izolda.jpg 493w\" sizes=\"auto, (max-width: 150px) 100vw, 150px\" \/>Coach de Vida e Carreira, L\u00edder Coach e Analista Comportamental, formada e certificada pelo IBC Instituto Brasileiro de Coaching, pelo European Coaching Association, Global Coaching Community e pelo Behavioural Coaching Institute. Especialista em Gest\u00e3o Empresarial e de Pessoas, Empres\u00e1ria fundadora do Espa\u00e7o Novo Ser, Professora da Gradua\u00e7\u00e3o e da P\u00f3s-Gradua\u00e7\u00e3o em institui\u00e7\u00f5es privadas da capital e Mestranda em Neuroci\u00eancia Cognitiva e Comportamental pela Universidade federal da Para\u00edba. Autora do E-book \u201cApaixone-se pelo que faz\u201d e palestrante nas \u00e1reas de Lideran\u00e7a, Motiva\u00e7\u00e3o, Autoconhecimento, Intelig\u00eancia Emocional e Relacional, Qualidade no Atendimento e Coaching.<\/p>\n<p style=\"text-align: justify\"><strong><br \/>\nMaria de F\u00e1tima Ferreira de Ara\u00fajo<\/strong><\/p>\n<p style=\"text-align: justify\"><img loading=\"lazy\" decoding=\"async\" class=\"alignright size-thumbnail wp-image-75\" src=\"https:\/\/congresso.uepb.edu.br\/jonap\/wp-content\/uploads\/sites\/4\/2016\/06\/maria-123x150.png\" alt=\"maria\" width=\"123\" height=\"150\" \/>Doutora em Educa\u00e7\u00e3o pela Universidade Federal do Rio Grande do Norte. Mestre em Servi\u00e7o Social pela Universidade Federal da Para\u00edba. Graduada em Servi\u00e7o Social pela URNE. Atualmente \u00e9 professora da Universidade Estadual da Para\u00edba, lotada no Campus V, no Centro de Ci\u00eancias Biol\u00f3gicas Sociais Aplicadas- CCBSA, em Jo\u00e3o Pessoa &#8211; PB. Coordena o Programa de Educa\u00e7\u00e3o Ambiental no Campus V, Coordenadora do Projeto de extens\u00e3o Coleta Seletiva Solid\u00e1ria: Implanta\u00e7\u00e3o no Campus V. Membro da Comiss\u00e3o Estadual de cria\u00e7\u00e3o do plano de Coleta Seletiva nas institui\u00e7\u00f5es P\u00fablicas Estaduais do Estado da Para\u00edba. \u00c9 membro do Conselho Social da UEPB. Membro do Comit\u00ea Gestor do Projeto de Fomento a Empreendimentos Econ\u00f4micos Solid\u00e1rios atuantes com Res\u00edduos S\u00f3lidos na Para\u00edba.<\/p>\n<p style=\"text-align: justify\"><strong><br \/>\nLuiz Antonio Co\u00ealho da Silva<\/strong><\/p>\n<p style=\"text-align: justify\"><img loading=\"lazy\" decoding=\"async\" class=\"alignright size-thumbnail wp-image-76\" src=\"https:\/\/congresso.uepb.edu.br\/jonap\/wp-content\/uploads\/sites\/4\/2016\/06\/luiz-140x150.jpg\" alt=\"luiz\" width=\"140\" height=\"150\" \/>Professor do Curso de Gest\u00e3o P\u00fablica do CDSA\/UFCG. Doutor em Ci\u00eancias Sociais &#8211; \u00c1rea Pol\u00edtica e Desenvolvimento (UFRN) e tese na \u00e1rea de Economia Solid\u00e1ria e Autogest\u00e3o. Graduado em Ci\u00eancias Cont\u00e1beis (UEPB) e em Economia pela (UFCG). Mestre em Economia do Trabalho (UFPB). Especializa\u00e7\u00e3o em Economia Solid\u00e1ria e Autogest\u00e3o (UFCG) e em Gest\u00e3o P\u00fablica (UEPB). Diversas publica\u00e7\u00f5es de artigos, orienta\u00e7\u00f5es e bancas na \u00e1rea da administra\u00e7\u00e3o p\u00fablica. \u00c9 pesquisador dos temas: contabilidade p\u00fablica e gerencial, or\u00e7amento p\u00fablico e democr\u00e1tico, pol\u00edticas p\u00fablicas, finan\u00e7as p\u00fablicas, terceiro setor, projetos p\u00fablicos e economia solid\u00e1ria.<\/p>\n<p><strong>Y\u00eada Silveira Martins Lacerda<\/strong><\/p>\n<p style=\"text-align: justify\"><img loading=\"lazy\" decoding=\"async\" class=\"wp-image-183 alignright\" src=\"https:\/\/congresso.uepb.edu.br\/jonap\/wp-content\/uploads\/sites\/4\/2016\/06\/yeda-286x300.jpg\" alt=\"yeda\" width=\"153\" height=\"161\" srcset=\"https:\/\/congresso.uepb.edu.br\/jonap\/wp-content\/uploads\/sites\/4\/2016\/06\/yeda-286x300.jpg 286w, https:\/\/congresso.uepb.edu.br\/jonap\/wp-content\/uploads\/sites\/4\/2016\/06\/yeda.jpg 499w\" sizes=\"auto, (max-width: 153px) 100vw, 153px\" \/>Doutora em Administra\u00e7\u00e3o pela Universidad San Carlos (2013), Mestre em Ci\u00eancias da Sociedade &#8211; UEPB (1999), Especialista em Engenharia de\u00a0Tr\u00e1fego e Transportes (UFPB), Marketing (UEPB), Gest\u00e3o do Conhecimento (UBC), Redes Sociais (UBC). Graduada em Administra\u00e7\u00e3o P\u00fablica pela UFPB (1988) e em Administra\u00e7\u00e3o de Empresas pela UFPB (1987). AVALIADORA ad hoc do Instituto Nacional de Estudos e Pesquisas Educacionais An\u00edsio Teixeira MEC\/INEP\/BASIS. Presidente do Conselho Regional de Administra\u00e7\u00e3o da Para\u00edba. Pesquisadora e Professora efetiva Dra. &#8211; DE da Universidade Estadual da Para\u00edba e convidada da Universidad San Carlos- PY. Tem experi\u00eancia na \u00e1rea de Administra\u00e7\u00e3o, com \u00eanfase em Recursos Humanos, Gest\u00e3o do Conhecimento e Sustentabilidade, e Gest\u00e3o Social.<\/p>\n<p style=\"text-align: right\">\n","protected":false},"excerpt":{"rendered":"<p>Antonio Gomes Viera Filho &nbsp; Possui gradua\u00e7\u00e3o em Arquitetura e Urbanismo pela Universidade Federal da Para\u00edba, gradua\u00e7\u00e3o em Economia pela Universidade Federal da Para\u00edba, gradua\u00e7\u00e3o em Direito pela Universidade Federal da Para\u00edba, especializa\u00e7\u00e3o e mestrado em Administra\u00e7\u00e3o pela Universidade Federal da Para\u00edba. Atualmente \u00e9 Auditor (Conselheiro Substituto) do Tribunal de Contas do Estado da Para\u00edba, [&hellip;]<\/p>\n","protected":false},"author":7,"featured_media":118,"comment_status":"open","ping_status":"open","sticky":false,"template":"","format":"standard","meta":{"footnotes":""},"categories":[4,3],"tags":[],"class_list":["post-69","post","type-post","status-publish","format-standard","has-post-thumbnail","hentry","category-destaques","category-noticias"],"_links":{"self":[{"href":"https:\/\/congresso.uepb.edu.br\/jonap\/wp-json\/wp\/v2\/posts\/69","targetHints":{"allow":["GET"]}}],"collection":[{"href":"https:\/\/congresso.uepb.edu.br\/jonap\/wp-json\/wp\/v2\/posts"}],"about":[{"href":"https:\/\/congresso.uepb.edu.br\/jonap\/wp-json\/wp\/v2\/types\/post"}],"author":[{"embeddable":true,"href":"https:\/\/congresso.uepb.edu.br\/jonap\/wp-json\/wp\/v2\/users\/7"}],"replies":[{"embeddable":true,"href":"https:\/\/congresso.uepb.edu.br\/jonap\/wp-json\/wp\/v2\/comments?post=69"}],"version-history":[{"count":9,"href":"https:\/\/congresso.uepb.edu.br\/jonap\/wp-json\/wp\/v2\/posts\/69\/revisions"}],"predecessor-version":[{"id":209,"href":"https:\/\/congresso.uepb.edu.br\/jonap\/wp-json\/wp\/v2\/posts\/69\/revisions\/209"}],"wp:featuredmedia":[{"embeddable":true,"href":"https:\/\/congresso.uepb.edu.br\/jonap\/wp-json\/wp\/v2\/media\/118"}],"wp:attachment":[{"href":"https:\/\/congresso.uepb.edu.br\/jonap\/wp-json\/wp\/v2\/media?parent=69"}],"wp:term":[{"taxonomy":"category","embeddable":true,"href":"https:\/\/congresso.uepb.edu.br\/jonap\/wp-json\/wp\/v2\/categories?post=69"},{"taxonomy":"post_tag","embeddable":true,"href":"https:\/\/congresso.uepb.edu.br\/jonap\/wp-json\/wp\/v2\/tags?post=69"}],"curies":[{"name":"wp","href":"https:\/\/api.w.org\/{rel}","templated":true}]}}